{"id":14897,"date":"2018-04-18T16:44:41","date_gmt":"2018-04-18T19:44:41","guid":{"rendered":"http:\/\/200.69.245.11\/conectate\/?p=14897"},"modified":"2020-04-07T14:05:16","modified_gmt":"2020-04-07T17:05:16","slug":"convocatoria-por-la-semana-de-accion-mundial-por-la-educacion","status":"publish","type":"post","link":"https:\/\/uepc.org.ar\/conectate\/convocatoria-por-la-semana-de-accion-mundial-por-la-educacion\/","title":{"rendered":"Convocatoria por la Semana de Acci\u00f3n Mundial por la Educaci\u00f3n"},"content":{"rendered":"<p style=\"text-align: justify;\">Como todos los a\u00f1os, del 23 al 29 de abril se conmemora mundialmente la Semana de Acci\u00f3n Mundial por la Educaci\u00f3n (SAME). De esta iniciativa participan, en much\u00edsimos pa\u00edses, organizaciones, escuelas, sindicatos docentes. centros de estudiantes, moviliz\u00e1ndose para fortalecer la conciencia en torno al derecho a la educaci\u00f3n. En Argentina, la semana es impulsada por CTERA, la CADE y CEPADEHU.<\/p>\n<p style=\"text-align: justify;\">Este a\u00f1o, la semana es un gran \u201cgrito\u201d: \u201cGobiernos, cumplan con sus compromisos\u201d. Un fuerte llamado a que los documentos y acuerdos internacionales alrededor de la educaci\u00f3n, se cumplan y no queden en los papeles como declaraciones vac\u00edas, especialmente aquellos que se refieren a financiar el derecho.<\/p>\n<p style=\"text-align: justify;\">Desde Argentina, entre otras iniciativas, estamos convocando a escuelas y organizaciones sociales con acciones educativas. Desde la Junta Ejecutiva de UPEC se invita aque env\u00eden la planilla que aqu\u00ed\u00a0 adjuntamos (<a href=\"https:\/\/uepc.org.ar\/conectate\/wp-content\/uploads\/2018\/04\/SAME-2018-Ficha-para-completar.docx\">SAME 2018- Ficha para completar<\/a>), para poder hacer, luego, una acci\u00f3n de presentaci\u00f3n conjunta de todos estos materiales. Tambi\u00e9n compartimos una cartilla con m\u00e1s informaci\u00f3n para su conocimiento, que pueden descargar aqu\u00ed: <a href=\"https:\/\/uepc.org.ar\/conectate\/wp-content\/uploads\/2018\/04\/Cartilla-SAME-2018-Argentina-.pdf\">Cartilla- SAME 2018 &#8211; Argentina-<\/a>.<\/p>\n<p style=\"text-align: justify;\">Esperamos <strong>hasta el 27 de de abril<\/strong> para recibir la ficha de cada escuela, docente o alumno\/a v\u00eda web, a la direcci\u00f3n de correo del ICIEC:<strong> instituto@uepc.org.ar<\/strong>, o en formato papel a la Secretar\u00eda de Organizaci\u00f3n de UEPC.<\/p>\n<p style=\"text-align: justify;\">\u00a1Un\u00e1monos todos para \u201cCumplan con sus compromisos\u201d!<\/p>\n<p style=\"text-align: justify;\">La CAMPA\u00d1A ARGENTINA POR EL DERECHO A LA EDUCACION (CADE), se crea en 2006 a partir del inter\u00e9s de una serie de organizaciones sociales, estudiantiles, juveniles, de construir un espacio com\u00fan en defensa del Derecho a la Educaci\u00f3n\u00a0 (<a href=\"http:\/\/www.derechoseducacion.org.ar\">www.derechoseducacion.org.ar<\/a>). La CADE es una coalici\u00f3n nacional que surge de la articulaci\u00f3n de organizaciones sociales que defienden el cumplimiento de los Derechos Educativos y la promoci\u00f3n de la Justicia Social Educativa, mediante el desarrollo de acciones articuladas de incidencia en las pol\u00edticas p\u00fablicas, de relevamiento normativo y program\u00e1tico de la problem\u00e1tica educativa, y de seguimiento, debate y producci\u00f3n de propuestas, junto a otros actores. En el \u00e1mbito internacional es miembro de la CLADE (Campa\u00f1a Latinoamericana por el Derecho a la Educaci\u00f3n) y miembro de la CME (Campa\u00f1a Mundial por la Educaci\u00f3n)<\/p>\n<p style=\"text-align: justify;\">\n","protected":false},"excerpt":{"rendered":"<p>Como todos los a\u00f1os, del 23 al 29 de abril se conmemora mundialmente la Semana de Acci\u00f3n Mundial por la Educaci\u00f3n (SAME). De esta iniciativa participan, en much\u00edsimos pa\u00edses, organizaciones, escuelas, sindicatos docentes. centros de estudiantes, moviliz\u00e1ndose para fortalecer la conciencia en torno al derecho a la educaci\u00f3n. En Argentina, la semana es impulsada por [&hellip;]<\/p>\n<a class=\"read-more-link\" href=\" https:\/\/uepc.org.ar\/conectate\/convocatoria-por-la-semana-de-accion-mundial-por-la-educacion\/ \">Leer m\u00e1s<\/a>","protected":false},"author":17,"featured_media":14900,"comment_status":"closed","ping_status":"closed","sticky":false,"template":"","format":"standard","meta":{"_acf_changed":false,"_coblocks_attr":"","_coblocks_dimensions":"","_coblocks_responsive_height":"","_coblocks_accordion_ie_support":"","_uag_custom_page_level_css":"","footnotes":""},"categories":[146,21],"tags":[],"class_list":["post-14897","post","type-post","status-publish","format-standard","has-post-thumbnail","hentry","category-contenido-inicio","category-noticias"],"acf":[],"yoast_head":"<!-- This site is optimized with the Yoast SEO plugin v26.8 - https:\/\/yoast.com\/product\/yoast-seo-wordpress\/ -->\n<title>Convocatoria por la Semana de Acci\u00f3n Mundial por la Educaci\u00f3n - conectate ICIEC-UEPC<\/title>\n<meta name=\"robots\" content=\"index, follow, max-snippet:-1, max-image-preview:large, max-video-preview:-1\" \/>\n<link rel=\"canonical\" href=\"https:\/\/uepc.org.ar\/conectate\/convocatoria-por-la-semana-de-accion-mundial-por-la-educacion\/\" \/>\n<meta property=\"og:locale\" content=\"es_ES\" \/>\n<meta property=\"og:type\" content=\"article\" \/>\n<meta property=\"og:title\" content=\"Convocatoria por la Semana de Acci\u00f3n Mundial por la Educaci\u00f3n - conectate ICIEC-UEPC\" \/>\n<meta property=\"og:description\" content=\"Como todos los a\u00f1os, del 23 al 29 de abril se conmemora mundialmente la Semana de Acci\u00f3n Mundial por la Educaci\u00f3n (SAME). De esta iniciativa participan, en much\u00edsimos pa\u00edses, organizaciones, escuelas, sindicatos docentes. centros de estudiantes, moviliz\u00e1ndose para fortalecer la conciencia en torno al derecho a la educaci\u00f3n. En Argentina, la semana es impulsada por [&hellip;]\" \/>\n<meta property=\"og:url\" content=\"https:\/\/uepc.org.ar\/conectate\/convocatoria-por-la-semana-de-accion-mundial-por-la-educacion\/\" \/>\n<meta property=\"og:site_name\" content=\"conectate ICIEC-UEPC\" \/>\n<meta property=\"article:publisher\" content=\"https:\/\/www.facebook.com\/conectate.uepc\" \/>\n<meta property=\"article:published_time\" content=\"2018-04-18T19:44:41+00:00\" \/>\n<meta property=\"article:modified_time\" content=\"2020-04-07T17:05:16+00:00\" \/>\n<meta property=\"og:image\" content=\"https:\/\/uepc.org.ar\/conectate\/wp-content\/uploads\/2018\/04\/gce_logo.png\" \/>\n\t<meta property=\"og:image:width\" content=\"414\" \/>\n\t<meta property=\"og:image:height\" content=\"127\" \/>\n\t<meta property=\"og:image:type\" content=\"image\/png\" \/>\n<meta name=\"author\" content=\"Conectate\" \/>\n<meta name=\"twitter:card\" content=\"summary_large_image\" \/>\n<meta name=\"twitter:creator\" content=\"@ConectateUEPC\" \/>\n<meta name=\"twitter:site\" content=\"@ConectateUEPC\" \/>\n<meta name=\"twitter:label1\" content=\"Escrito por\" \/>\n\t<meta name=\"twitter:data1\" content=\"Conectate\" \/>\n\t<meta name=\"twitter:label2\" content=\"Tiempo de lectura\" \/>\n\t<meta name=\"twitter:data2\" content=\"2 minutos\" \/>\n<script type=\"application\/ld+json\" class=\"yoast-schema-graph\">{\"@context\":\"https:\/\/schema.org\",\"@graph\":[{\"@type\":\"Article\",\"@id\":\"https:\/\/uepc.org.ar\/conectate\/convocatoria-por-la-semana-de-accion-mundial-por-la-educacion\/#article\",\"isPartOf\":{\"@id\":\"https:\/\/uepc.org.ar\/conectate\/convocatoria-por-la-semana-de-accion-mundial-por-la-educacion\/\"},\"author\":{\"name\":\"Conectate\",\"@id\":\"https:\/\/uepc.org.ar\/conectate\/#\/schema\/person\/5192cad6b1fee6d81733d1702ba56a44\"},\"headline\":\"Convocatoria por la Semana de Acci\u00f3n Mundial por la Educaci\u00f3n\",\"datePublished\":\"2018-04-18T19:44:41+00:00\",\"dateModified\":\"2020-04-07T17:05:16+00:00\",\"mainEntityOfPage\":{\"@id\":\"https:\/\/uepc.org.ar\/conectate\/convocatoria-por-la-semana-de-accion-mundial-por-la-educacion\/\"},\"wordCount\":399,\"publisher\":{\"@id\":\"https:\/\/uepc.org.ar\/conectate\/#organization\"},\"image\":{\"@id\":\"https:\/\/uepc.org.ar\/conectate\/convocatoria-por-la-semana-de-accion-mundial-por-la-educacion\/#primaryimage\"},\"thumbnailUrl\":\"https:\/\/uepc.org.ar\/conectate\/wp-content\/uploads\/2018\/04\/gce_logo.png\",\"articleSection\":[\"Contenido Inicio\",\"Noticias\"],\"inLanguage\":\"es\"},{\"@type\":\"WebPage\",\"@id\":\"https:\/\/uepc.org.ar\/conectate\/convocatoria-por-la-semana-de-accion-mundial-por-la-educacion\/\",\"url\":\"https:\/\/uepc.org.ar\/conectate\/convocatoria-por-la-semana-de-accion-mundial-por-la-educacion\/\",\"name\":\"Convocatoria por la Semana de Acci\u00f3n Mundial por la Educaci\u00f3n - conectate ICIEC-UEPC\",\"isPartOf\":{\"@id\":\"https:\/\/uepc.org.ar\/conectate\/#website\"},\"primaryImageOfPage\":{\"@id\":\"https:\/\/uepc.org.ar\/conectate\/convocatoria-por-la-semana-de-accion-mundial-por-la-educacion\/#primaryimage\"},\"image\":{\"@id\":\"https:\/\/uepc.org.ar\/conectate\/convocatoria-por-la-semana-de-accion-mundial-por-la-educacion\/#primaryimage\"},\"thumbnailUrl\":\"https:\/\/uepc.org.ar\/conectate\/wp-content\/uploads\/2018\/04\/gce_logo.png\",\"datePublished\":\"2018-04-18T19:44:41+00:00\",\"dateModified\":\"2020-04-07T17:05:16+00:00\",\"breadcrumb\":{\"@id\":\"https:\/\/uepc.org.ar\/conectate\/convocatoria-por-la-semana-de-accion-mundial-por-la-educacion\/#breadcrumb\"},\"inLanguage\":\"es\",\"potentialAction\":[{\"@type\":\"ReadAction\",\"target\":[\"https:\/\/uepc.org.ar\/conectate\/convocatoria-por-la-semana-de-accion-mundial-por-la-educacion\/\"]}]},{\"@type\":\"ImageObject\",\"inLanguage\":\"es\",\"@id\":\"https:\/\/uepc.org.ar\/conectate\/convocatoria-por-la-semana-de-accion-mundial-por-la-educacion\/#primaryimage\",\"url\":\"https:\/\/uepc.org.ar\/conectate\/wp-content\/uploads\/2018\/04\/gce_logo.png\",\"contentUrl\":\"https:\/\/uepc.org.ar\/conectate\/wp-content\/uploads\/2018\/04\/gce_logo.png\",\"width\":414,\"height\":127},{\"@type\":\"BreadcrumbList\",\"@id\":\"https:\/\/uepc.org.ar\/conectate\/convocatoria-por-la-semana-de-accion-mundial-por-la-educacion\/#breadcrumb\",\"itemListElement\":[{\"@type\":\"ListItem\",\"position\":1,\"name\":\"Home\",\"item\":\"https:\/\/uepc.org.ar\/conectate\/\"},{\"@type\":\"ListItem\",\"position\":2,\"name\":\"Convocatoria por la Semana de Acci\u00f3n Mundial por la Educaci\u00f3n\"}]},{\"@type\":\"WebSite\",\"@id\":\"https:\/\/uepc.org.ar\/conectate\/#website\",\"url\":\"https:\/\/uepc.org.ar\/conectate\/\",\"name\":\"conectate ICIEC-UEPC\",\"description\":\"conectate a la pasi\u00f3n de educar\",\"publisher\":{\"@id\":\"https:\/\/uepc.org.ar\/conectate\/#organization\"},\"potentialAction\":[{\"@type\":\"SearchAction\",\"target\":{\"@type\":\"EntryPoint\",\"urlTemplate\":\"https:\/\/uepc.org.ar\/conectate\/?s={search_term_string}\"},\"query-input\":{\"@type\":\"PropertyValueSpecification\",\"valueRequired\":true,\"valueName\":\"search_term_string\"}}],\"inLanguage\":\"es\"},{\"@type\":\"Organization\",\"@id\":\"https:\/\/uepc.org.ar\/conectate\/#organization\",\"name\":\"conectate UEPC\",\"url\":\"https:\/\/uepc.org.ar\/conectate\/\",\"logo\":{\"@type\":\"ImageObject\",\"inLanguage\":\"es\",\"@id\":\"https:\/\/uepc.org.ar\/conectate\/#\/schema\/logo\/image\/\",\"url\":\"http:\/\/uepc.org.ar\/conectate\/wp-content\/uploads\/2019\/08\/lg-iciecx2.png\",\"contentUrl\":\"http:\/\/uepc.org.ar\/conectate\/wp-content\/uploads\/2019\/08\/lg-iciecx2.png\",\"width\":600,\"height\":266,\"caption\":\"conectate UEPC\"},\"image\":{\"@id\":\"https:\/\/uepc.org.ar\/conectate\/#\/schema\/logo\/image\/\"},\"sameAs\":[\"https:\/\/www.facebook.com\/conectate.uepc\",\"https:\/\/x.com\/ConectateUEPC\",\"https:\/\/www.instagram.com\/conectateuepc\/\",\"https:\/\/www.youtube.com\/channel\/UC_gvxulloCni4YDXzFRZ_qQ\"]},{\"@type\":\"Person\",\"@id\":\"https:\/\/uepc.org.ar\/conectate\/#\/schema\/person\/5192cad6b1fee6d81733d1702ba56a44\",\"name\":\"Conectate\",\"url\":\"https:\/\/uepc.org.ar\/conectate\/author\/conectate\/\"}]}<\/script>\n<!-- \/ Yoast SEO plugin. -->","yoast_head_json":{"title":"Convocatoria por la Semana de Acci\u00f3n Mundial por la Educaci\u00f3n - conectate ICIEC-UEPC","robots":{"index":"index","follow":"follow","max-snippet":"max-snippet:-1","max-image-preview":"max-image-preview:large","max-video-preview":"max-video-preview:-1"},"canonical":"https:\/\/uepc.org.ar\/conectate\/convocatoria-por-la-semana-de-accion-mundial-por-la-educacion\/","og_locale":"es_ES","og_type":"article","og_title":"Convocatoria por la Semana de Acci\u00f3n Mundial por la Educaci\u00f3n - conectate ICIEC-UEPC","og_description":"Como todos los a\u00f1os, del 23 al 29 de abril se conmemora mundialmente la Semana de Acci\u00f3n Mundial por la Educaci\u00f3n (SAME). De esta iniciativa participan, en much\u00edsimos pa\u00edses, organizaciones, escuelas, sindicatos docentes. centros de estudiantes, moviliz\u00e1ndose para fortalecer la conciencia en torno al derecho a la educaci\u00f3n. En Argentina, la semana es impulsada por [&hellip;]","og_url":"https:\/\/uepc.org.ar\/conectate\/convocatoria-por-la-semana-de-accion-mundial-por-la-educacion\/","og_site_name":"conectate ICIEC-UEPC","article_publisher":"https:\/\/www.facebook.com\/conectate.uepc","article_published_time":"2018-04-18T19:44:41+00:00","article_modified_time":"2020-04-07T17:05:16+00:00","og_image":[{"width":414,"height":127,"url":"https:\/\/uepc.org.ar\/conectate\/wp-content\/uploads\/2018\/04\/gce_logo.png","type":"image\/png"}],"author":"Conectate","twitter_card":"summary_large_image","twitter_creator":"@ConectateUEPC","twitter_site":"@ConectateUEPC","twitter_misc":{"Escrito por":"Conectate","Tiempo de lectura":"2 minutos"},"schema":{"@context":"https:\/\/schema.org","@graph":[{"@type":"Article","@id":"https:\/\/uepc.org.ar\/conectate\/convocatoria-por-la-semana-de-accion-mundial-por-la-educacion\/#article","isPartOf":{"@id":"https:\/\/uepc.org.ar\/conectate\/convocatoria-por-la-semana-de-accion-mundial-por-la-educacion\/"},"author":{"name":"Conectate","@id":"https:\/\/uepc.org.ar\/conectate\/#\/schema\/person\/5192cad6b1fee6d81733d1702ba56a44"},"headline":"Convocatoria por la Semana de Acci\u00f3n Mundial por la Educaci\u00f3n","datePublished":"2018-04-18T19:44:41+00:00","dateModified":"2020-04-07T17:05:16+00:00","mainEntityOfPage":{"@id":"https:\/\/uepc.org.ar\/conectate\/convocatoria-por-la-semana-de-accion-mundial-por-la-educacion\/"},"wordCount":399,"publisher":{"@id":"https:\/\/uepc.org.ar\/conectate\/#organization"},"image":{"@id":"https:\/\/uepc.org.ar\/conectate\/convocatoria-por-la-semana-de-accion-mundial-por-la-educacion\/#primaryimage"},"thumbnailUrl":"https:\/\/uepc.org.ar\/conectate\/wp-content\/uploads\/2018\/04\/gce_logo.png","articleSection":["Contenido Inicio","Noticias"],"inLanguage":"es"},{"@type":"WebPage","@id":"https:\/\/uepc.org.ar\/conectate\/convocatoria-por-la-semana-de-accion-mundial-por-la-educacion\/","url":"https:\/\/uepc.org.ar\/conectate\/convocatoria-por-la-semana-de-accion-mundial-por-la-educacion\/","name":"Convocatoria por la Semana de Acci\u00f3n Mundial por la Educaci\u00f3n - conectate ICIEC-UEPC","isPartOf":{"@id":"https:\/\/uepc.org.ar\/conectate\/#website"},"primaryImageOfPage":{"@id":"https:\/\/uepc.org.ar\/conectate\/convocatoria-por-la-semana-de-accion-mundial-por-la-educacion\/#primaryimage"},"image":{"@id":"https:\/\/uepc.org.ar\/conectate\/convocatoria-por-la-semana-de-accion-mundial-por-la-educacion\/#primaryimage"},"thumbnailUrl":"https:\/\/uepc.org.ar\/conectate\/wp-content\/uploads\/2018\/04\/gce_logo.png","datePublished":"2018-04-18T19:44:41+00:00","dateModified":"2020-04-07T17:05:16+00:00","breadcrumb":{"@id":"https:\/\/uepc.org.ar\/conectate\/convocatoria-por-la-semana-de-accion-mundial-por-la-educacion\/#breadcrumb"},"inLanguage":"es","potentialAction":[{"@type":"ReadAction","target":["https:\/\/uepc.org.ar\/conectate\/convocatoria-por-la-semana-de-accion-mundial-por-la-educacion\/"]}]},{"@type":"ImageObject","inLanguage":"es","@id":"https:\/\/uepc.org.ar\/conectate\/convocatoria-por-la-semana-de-accion-mundial-por-la-educacion\/#primaryimage","url":"https:\/\/uepc.org.ar\/conectate\/wp-content\/uploads\/2018\/04\/gce_logo.png","contentUrl":"https:\/\/uepc.org.ar\/conectate\/wp-content\/uploads\/2018\/04\/gce_logo.png","width":414,"height":127},{"@type":"BreadcrumbList","@id":"https:\/\/uepc.org.ar\/conectate\/convocatoria-por-la-semana-de-accion-mundial-por-la-educacion\/#breadcrumb","itemListElement":[{"@type":"ListItem","position":1,"name":"Home","item":"https:\/\/uepc.org.ar\/conectate\/"},{"@type":"ListItem","position":2,"name":"Convocatoria por la Semana de Acci\u00f3n Mundial por la Educaci\u00f3n"}]},{"@type":"WebSite","@id":"https:\/\/uepc.org.ar\/conectate\/#website","url":"https:\/\/uepc.org.ar\/conectate\/","name":"conectate ICIEC-UEPC","description":"conectate a la pasi\u00f3n de educar","publisher":{"@id":"https:\/\/uepc.org.ar\/conectate\/#organization"},"potentialAction":[{"@type":"SearchAction","target":{"@type":"EntryPoint","urlTemplate":"https:\/\/uepc.org.ar\/conectate\/?s={search_term_string}"},"query-input":{"@type":"PropertyValueSpecification","valueRequired":true,"valueName":"search_term_string"}}],"inLanguage":"es"},{"@type":"Organization","@id":"https:\/\/uepc.org.ar\/conectate\/#organization","name":"conectate UEPC","url":"https:\/\/uepc.org.ar\/conectate\/","logo":{"@type":"ImageObject","inLanguage":"es","@id":"https:\/\/uepc.org.ar\/conectate\/#\/schema\/logo\/image\/","url":"http:\/\/uepc.org.ar\/conectate\/wp-content\/uploads\/2019\/08\/lg-iciecx2.png","contentUrl":"http:\/\/uepc.org.ar\/conectate\/wp-content\/uploads\/2019\/08\/lg-iciecx2.png","width":600,"height":266,"caption":"conectate UEPC"},"image":{"@id":"https:\/\/uepc.org.ar\/conectate\/#\/schema\/logo\/image\/"},"sameAs":["https:\/\/www.facebook.com\/conectate.uepc","https:\/\/x.com\/ConectateUEPC","https:\/\/www.instagram.com\/conectateuepc\/","https:\/\/www.youtube.com\/channel\/UC_gvxulloCni4YDXzFRZ_qQ"]},{"@type":"Person","@id":"https:\/\/uepc.org.ar\/conectate\/#\/schema\/person\/5192cad6b1fee6d81733d1702ba56a44","name":"Conectate","url":"https:\/\/uepc.org.ar\/conectate\/author\/conectate\/"}]}},"uagb_featured_image_src":{"full":["https:\/\/uepc.org.ar\/conectate\/wp-content\/uploads\/2018\/04\/gce_logo.png",414,127,false],"thumbnail":["https:\/\/uepc.org.ar\/conectate\/wp-content\/uploads\/2018\/04\/gce_logo-150x127.png",150,127,true],"medium":["https:\/\/uepc.org.ar\/conectate\/wp-content\/uploads\/2018\/04\/gce_logo-300x92.png",300,92,true],"medium_large":["https:\/\/uepc.org.ar\/conectate\/wp-content\/uploads\/2018\/04\/gce_logo.png",414,127,false],"large":["https:\/\/uepc.org.ar\/conectate\/wp-content\/uploads\/2018\/04\/gce_logo.png",414,127,false],"1536x1536":["https:\/\/uepc.org.ar\/conectate\/wp-content\/uploads\/2018\/04\/gce_logo.png",414,127,false],"2048x2048":["https:\/\/uepc.org.ar\/conectate\/wp-content\/uploads\/2018\/04\/gce_logo.png",414,127,false],"post-thumbnail":["https:\/\/uepc.org.ar\/conectate\/wp-content\/uploads\/2018\/04\/gce_logo.png",150,46,false],"destacada":["https:\/\/uepc.org.ar\/conectate\/wp-content\/uploads\/2018\/04\/gce_logo.png",414,127,false],"eris-archive-image":["https:\/\/uepc.org.ar\/conectate\/wp-content\/uploads\/2018\/04\/gce_logo.png",414,127,false],"eris-archive-image-portrait":["https:\/\/uepc.org.ar\/conectate\/wp-content\/uploads\/2018\/04\/gce_logo.png",414,127,false],"eris-search-image":["https:\/\/uepc.org.ar\/conectate\/wp-content\/uploads\/2018\/04\/gce_logo.png",160,49,false]},"uagb_author_info":{"display_name":"Conectate","author_link":"https:\/\/uepc.org.ar\/conectate\/author\/conectate\/"},"uagb_comment_info":0,"uagb_excerpt":"Como todos los a\u00f1os, del 23 al 29 de abril se conmemora mundialmente la Semana de Acci\u00f3n Mundial por la Educaci\u00f3n (SAME). De esta iniciativa participan, en much\u00edsimos pa\u00edses, organizaciones, escuelas, sindicatos docentes. centros de estudiantes, moviliz\u00e1ndose para fortalecer la conciencia en torno al derecho a la educaci\u00f3n. En Argentina, la semana es impulsada por&hellip;","_links":{"self":[{"href":"https:\/\/uepc.org.ar\/conectate\/wp-json\/wp\/v2\/posts\/14897","targetHints":{"allow":["GET"]}}],"collection":[{"href":"https:\/\/uepc.org.ar\/conectate\/wp-json\/wp\/v2\/posts"}],"about":[{"href":"https:\/\/uepc.org.ar\/conectate\/wp-json\/wp\/v2\/types\/post"}],"author":[{"embeddable":true,"href":"https:\/\/uepc.org.ar\/conectate\/wp-json\/wp\/v2\/users\/17"}],"replies":[{"embeddable":true,"href":"https:\/\/uepc.org.ar\/conectate\/wp-json\/wp\/v2\/comments?post=14897"}],"version-history":[{"count":2,"href":"https:\/\/uepc.org.ar\/conectate\/wp-json\/wp\/v2\/posts\/14897\/revisions"}],"predecessor-version":[{"id":18719,"href":"https:\/\/uepc.org.ar\/conectate\/wp-json\/wp\/v2\/posts\/14897\/revisions\/18719"}],"wp:featuredmedia":[{"embeddable":true,"href":"https:\/\/uepc.org.ar\/conectate\/wp-json\/wp\/v2\/media\/14900"}],"wp:attachment":[{"href":"https:\/\/uepc.org.ar\/conectate\/wp-json\/wp\/v2\/media?parent=14897"}],"wp:term":[{"taxonomy":"category","embeddable":true,"href":"https:\/\/uepc.org.ar\/conectate\/wp-json\/wp\/v2\/categories?post=14897"},{"taxonomy":"post_tag","embeddable":true,"href":"https:\/\/uepc.org.ar\/conectate\/wp-json\/wp\/v2\/tags?post=14897"}],"curies":[{"name":"wp","href":"https:\/\/api.w.org\/{rel}","templated":true}]}}